{"id":605,"date":"2025-10-09T17:46:27","date_gmt":"2025-10-09T15:46:27","guid":{"rendered":"https:\/\/wip.waw.pl\/?p=605"},"modified":"2025-10-09T17:46:27","modified_gmt":"2025-10-09T15:46:27","slug":"dr-n-med-katarzyna-rogala","status":"publish","type":"post","link":"https:\/\/wip.waw.pl\/index.php\/2025\/10\/09\/dr-n-med-katarzyna-rogala\/","title":{"rendered":"dr n. med. Katarzyna Rogala"},"content":{"rendered":"\n<p><strong>Specjalistka psychiatrii dzieci i m\u0142odzie\u017cy oraz psychiatrii doros\u0142ych, z niemal 20-letnim do\u015bwiadczeniem klinicznym w diagnostyce i leczeniu zaburze\u0144 psychicznych u pacjent\u00f3w w wieku rozwojowym. <\/strong><\/p>\n\n\n\n<p>Zajmuje si\u0119 m.in. zaburzeniami depresyjnymi, l\u0119kowymi, psychotycznymi, od\u017cywiania, neurorozwojowymi oraz innymi trudno\u015bciami natury psychicznej u dzieci i m\u0142odzie\u017cy.<\/p>\n\n\n\n<p>Jest r\u00f3wnie\u017c ekspertem w dziedzinie zaburze\u0144 snu u dzieci.<\/p>\n\n\n\n<p>Specjalizacj\u0119 z psychiatrii doros\u0142ych uzyska\u0142a w Instytucie Psychiatrii i Neurologii w Warszawie, natomiast specjalizacj\u0119 z psychiatrii dzieci i m\u0142odzie\u017cy \u2013 w Mazowieckim Centrum Neuropsychiatrii. Przez ostatnie 10 lat zdobywa\u0142a do\u015bwiadczenie zawodowe w Instytucie \u201ePomnik \u2013 Centrum Zdrowia Dziecka\u201d, pracuj\u0105c zar\u00f3wno w poradni, jak i w Oddziale Dziennym.<\/p>\n\n\n\n<p>Autorka licznych publikacji naukowych po\u015bwi\u0119conych zdrowiu psychicznemu oraz zaburzeniom snu u dzieci. Regularnie poszerza swoj\u0105 wiedz\u0119 i kompetencje, uczestnicz\u0105c w szkoleniach i konferencjach naukowych.<\/p>\n","protected":false},"excerpt":{"rendered":"<p>Specjalistka psychiatrii dzieci i m\u0142odzie\u017cy oraz psychiatrii doros\u0142ych, z niemal 20-letnim do\u015bwiadczeniem klinicznym w diagnostyce i leczeniu zaburze\u0144 psychicznych u pacjent\u00f3w w wieku rozwojowym. Zajmuje si\u0119 m.in. zaburzeniami depresyjnymi, l\u0119kowymi, psychotycznymi, od\u017cywiania, neurorozwojowymi oraz innymi trudno\u015bciami natury psychicznej u dzieci i m\u0142odzie\u017cy. Jest r\u00f3wnie\u017c ekspertem w dziedzinie zaburze\u0144 snu u dzieci. Specjalizacj\u0119 z psychiatrii doros\u0142ych [&hellip;]<\/p>\n","protected":false},"author":1,"featured_media":0,"comment_status":"open","ping_status":"open","sticky":false,"template":"","format":"standard","meta":{"footnotes":""},"categories":[1],"tags":[],"class_list":["post-605","post","type-post","status-publish","format-standard","hentry","category-bez-kategorii"],"_links":{"self":[{"href":"https:\/\/wip.waw.pl\/index.php\/wp-json\/wp\/v2\/posts\/605","targetHints":{"allow":["GET"]}}],"collection":[{"href":"https:\/\/wip.waw.pl\/index.php\/wp-json\/wp\/v2\/posts"}],"about":[{"href":"https:\/\/wip.waw.pl\/index.php\/wp-json\/wp\/v2\/types\/post"}],"author":[{"embeddable":true,"href":"https:\/\/wip.waw.pl\/index.php\/wp-json\/wp\/v2\/users\/1"}],"replies":[{"embeddable":true,"href":"https:\/\/wip.waw.pl\/index.php\/wp-json\/wp\/v2\/comments?post=605"}],"version-history":[{"count":1,"href":"https:\/\/wip.waw.pl\/index.php\/wp-json\/wp\/v2\/posts\/605\/revisions"}],"predecessor-version":[{"id":607,"href":"https:\/\/wip.waw.pl\/index.php\/wp-json\/wp\/v2\/posts\/605\/revisions\/607"}],"wp:attachment":[{"href":"https:\/\/wip.waw.pl\/index.php\/wp-json\/wp\/v2\/media?parent=605"}],"wp:term":[{"taxonomy":"category","embeddable":true,"href":"https:\/\/wip.waw.pl\/index.php\/wp-json\/wp\/v2\/categories?post=605"},{"taxonomy":"post_tag","embeddable":true,"href":"https:\/\/wip.waw.pl\/index.php\/wp-json\/wp\/v2\/tags?post=605"}],"curies":[{"name":"wp","href":"https:\/\/api.w.org\/{rel}","templated":true}]}}