{"id":603,"date":"2025-10-09T17:42:49","date_gmt":"2025-10-09T15:42:49","guid":{"rendered":"https:\/\/wip.waw.pl\/?p=603"},"modified":"2025-10-09T17:42:49","modified_gmt":"2025-10-09T15:42:49","slug":"lek-med-anna-wielowiejska","status":"publish","type":"post","link":"https:\/\/wip.waw.pl\/index.php\/2025\/10\/09\/lek-med-anna-wielowiejska\/","title":{"rendered":"lek. med. Anna Wielowiejska"},"content":{"rendered":"\n<p><strong>Specjalistka alergologii, pediatrii oraz certyfikowany doradca laktacyjny. <\/strong><\/p>\n\n\n\n<p>Specjalizacj\u0119 z alergologii uko\u0144czy\u0142a w 2024 roku w Zak\u0142adzie Alergologii i Immunologii Klinicznej Warszawskiego Uniwersytetu Medycznego.<\/p>\n\n\n\n<p>Do\u015bwiadczenie pediatryczne zdobywa\u0142a w Klinice Gastroenterologii, \u017bywienia Dzieci i Pediatrii WUM, gdzie pracowa\u0142a w latach 2012\u20132020, a tak\u017ce w przychodniach oraz podczas wizyt domowych. W 2019 roku uzyska\u0142a Certyfikat Doradcy Laktacyjnego, ko\u0144cz\u0105c kurs organizowany przez Centrum Nauki o Laktacji.<\/p>\n\n\n\n<p>W codziennej pracy kieruje si\u0119 zasadami medycyny opartej na dowodach naukowych (Evidence Based Medicine). Przyjmuje dzieci w ka\u017cdym wieku oraz doros\u0142ych pacjent\u00f3w z chorobami alergicznymi. Szczeg\u00f3ln\u0105 uwag\u0119 przywi\u0105zuje do komfortu pacjenta podczas wizyty \u2013 dok\u0142adnie wyja\u015bnia zalecenia oraz wszystkie istotne informacje dotycz\u0105ce diagnozy i leczenia.<\/p>\n\n\n\n<p>Jej zainteresowania zawodowe obejmuj\u0105 szerokie spektrum schorze\u0144 alergologicznych, takich jak astma, alergiczny nie\u017cyt nosa, alergie pokarmowe i sk\u00f3rne, atopowe zapalenie sk\u00f3ry oraz pokrzywka. Zajmuje si\u0119 r\u00f3wnie\u017c problematyk\u0105 pediatryczn\u0105, w tym profilaktyk\u0105, \u017cywieniem dzieci, b\u00f3lami brzucha, zaparciami i oty\u0142o\u015bci\u0105.<\/p>\n","protected":false},"excerpt":{"rendered":"<p>Specjalistka alergologii, pediatrii oraz certyfikowany doradca laktacyjny. Specjalizacj\u0119 z alergologii uko\u0144czy\u0142a w 2024 roku w Zak\u0142adzie Alergologii i Immunologii Klinicznej Warszawskiego Uniwersytetu Medycznego. Do\u015bwiadczenie pediatryczne zdobywa\u0142a w Klinice Gastroenterologii, \u017bywienia Dzieci i Pediatrii WUM, gdzie pracowa\u0142a w latach 2012\u20132020, a tak\u017ce w przychodniach oraz podczas wizyt domowych. W 2019 roku uzyska\u0142a Certyfikat Doradcy Laktacyjnego, ko\u0144cz\u0105c [&hellip;]<\/p>\n","protected":false},"author":1,"featured_media":599,"comment_status":"open","ping_status":"open","sticky":false,"template":"","format":"standard","meta":{"footnotes":""},"categories":[1],"tags":[],"class_list":["post-603","post","type-post","status-publish","format-standard","has-post-thumbnail","hentry","category-bez-kategorii"],"_links":{"self":[{"href":"https:\/\/wip.waw.pl\/index.php\/wp-json\/wp\/v2\/posts\/603","targetHints":{"allow":["GET"]}}],"collection":[{"href":"https:\/\/wip.waw.pl\/index.php\/wp-json\/wp\/v2\/posts"}],"about":[{"href":"https:\/\/wip.waw.pl\/index.php\/wp-json\/wp\/v2\/types\/post"}],"author":[{"embeddable":true,"href":"https:\/\/wip.waw.pl\/index.php\/wp-json\/wp\/v2\/users\/1"}],"replies":[{"embeddable":true,"href":"https:\/\/wip.waw.pl\/index.php\/wp-json\/wp\/v2\/comments?post=603"}],"version-history":[{"count":1,"href":"https:\/\/wip.waw.pl\/index.php\/wp-json\/wp\/v2\/posts\/603\/revisions"}],"predecessor-version":[{"id":604,"href":"https:\/\/wip.waw.pl\/index.php\/wp-json\/wp\/v2\/posts\/603\/revisions\/604"}],"wp:featuredmedia":[{"embeddable":true,"href":"https:\/\/wip.waw.pl\/index.php\/wp-json\/wp\/v2\/media\/599"}],"wp:attachment":[{"href":"https:\/\/wip.waw.pl\/index.php\/wp-json\/wp\/v2\/media?parent=603"}],"wp:term":[{"taxonomy":"category","embeddable":true,"href":"https:\/\/wip.waw.pl\/index.php\/wp-json\/wp\/v2\/categories?post=603"},{"taxonomy":"post_tag","embeddable":true,"href":"https:\/\/wip.waw.pl\/index.php\/wp-json\/wp\/v2\/tags?post=603"}],"curies":[{"name":"wp","href":"https:\/\/api.w.org\/{rel}","templated":true}]}}