{"id":543,"date":"2025-10-05T12:42:15","date_gmt":"2025-10-05T10:42:15","guid":{"rendered":"https:\/\/wip.waw.pl\/?p=543"},"modified":"2025-10-05T12:42:15","modified_gmt":"2025-10-05T10:42:15","slug":"lek-med-karolina-kot","status":"publish","type":"post","link":"https:\/\/wip.waw.pl\/index.php\/2025\/10\/05\/lek-med-karolina-kot\/","title":{"rendered":"lek. med. Karolina Kot"},"content":{"rendered":"\n<p><strong>Specjalistka w zakresie <em>pediatrii i endokrynologii dzieci\u0119cej. <\/em><\/strong><\/p>\n\n\n\n<p>Szkolenie specjalizacyjne z pediatrii odbywa\u0142a w latach 2006\u20132011 w Klinice Pediatrii Instytutu Matki i Dziecka w Warszawie. Od 2011 roku pracuje w Klinice Endokrynologii i Diabetologii oraz Poradni Endokrynologicznej Instytutu \u201ePomnik \u2013 Centrum Zdrowia Dziecka\u201d.<\/p>\n\n\n\n<p>Aktywnie uczestniczy w krajowych i mi\u0119dzynarodowych wydarzeniach naukowo-szkoleniowych, m.in. w zjazdach i kursach organizowanych przez Polskie Towarzystwo Endokrynologii i Diabetologii Dzieci\u0119cej, Polskie Towarzystwo Endokrynologiczne, Polskie Towarzystwo Pediatryczne, a tak\u017ce European Society for Paediatric Endocrinology. Uko\u0144czy\u0142a r\u00f3wnie\u017c kurs ESPE Winter School. Regularnie bierze udzia\u0142 w warsztatach i konferencjach, takich jak Warszawska Jesie\u0144 Pediatryczna czy Akademia po Dyplomie.<\/p>\n\n\n\n<p>Cz\u0142onkini Polskiego Towarzystwa Pediatrycznego od 2009 roku oraz Polskiego Towarzystwa Endokrynologii i Diabetologii Dzieci\u0119cej od 2013 roku.<\/p>\n\n\n\n<p>Wsp\u00f3\u0142autorka publikacji edukacyjnych, w tym poradnik\u00f3w dla lekarzy oraz pacjent\u00f3w:&nbsp;<em>\u201eNiedob\u00f3r hormonu wzrostu. Poradnik dla lekarzy\u201d<\/em>&nbsp;i&nbsp;<em>\u201eNiedob\u00f3r hormonu wzrostu. Poradnik dla dzieci i rodzic\u00f3w\u201d<\/em>. Autorka rozdzia\u0142\u00f3w w podr\u0119cznikach medycznych oraz doniesie\u0144 naukowych.<\/p>\n","protected":false},"excerpt":{"rendered":"<p>Specjalistka w zakresie pediatrii i endokrynologii dzieci\u0119cej. Szkolenie specjalizacyjne z pediatrii odbywa\u0142a w latach 2006\u20132011 w Klinice Pediatrii Instytutu Matki i Dziecka w Warszawie. Od 2011 roku pracuje w Klinice Endokrynologii i Diabetologii oraz Poradni Endokrynologicznej Instytutu \u201ePomnik \u2013 Centrum Zdrowia Dziecka\u201d. Aktywnie uczestniczy w krajowych i mi\u0119dzynarodowych wydarzeniach naukowo-szkoleniowych, m.in. w zjazdach i kursach [&hellip;]<\/p>\n","protected":false},"author":1,"featured_media":178,"comment_status":"open","ping_status":"open","sticky":false,"template":"","format":"standard","meta":{"footnotes":""},"categories":[1],"tags":[],"class_list":["post-543","post","type-post","status-publish","format-standard","has-post-thumbnail","hentry","category-bez-kategorii"],"_links":{"self":[{"href":"https:\/\/wip.waw.pl\/index.php\/wp-json\/wp\/v2\/posts\/543","targetHints":{"allow":["GET"]}}],"collection":[{"href":"https:\/\/wip.waw.pl\/index.php\/wp-json\/wp\/v2\/posts"}],"about":[{"href":"https:\/\/wip.waw.pl\/index.php\/wp-json\/wp\/v2\/types\/post"}],"author":[{"embeddable":true,"href":"https:\/\/wip.waw.pl\/index.php\/wp-json\/wp\/v2\/users\/1"}],"replies":[{"embeddable":true,"href":"https:\/\/wip.waw.pl\/index.php\/wp-json\/wp\/v2\/comments?post=543"}],"version-history":[{"count":1,"href":"https:\/\/wip.waw.pl\/index.php\/wp-json\/wp\/v2\/posts\/543\/revisions"}],"predecessor-version":[{"id":544,"href":"https:\/\/wip.waw.pl\/index.php\/wp-json\/wp\/v2\/posts\/543\/revisions\/544"}],"wp:featuredmedia":[{"embeddable":true,"href":"https:\/\/wip.waw.pl\/index.php\/wp-json\/wp\/v2\/media\/178"}],"wp:attachment":[{"href":"https:\/\/wip.waw.pl\/index.php\/wp-json\/wp\/v2\/media?parent=543"}],"wp:term":[{"taxonomy":"category","embeddable":true,"href":"https:\/\/wip.waw.pl\/index.php\/wp-json\/wp\/v2\/categories?post=543"},{"taxonomy":"post_tag","embeddable":true,"href":"https:\/\/wip.waw.pl\/index.php\/wp-json\/wp\/v2\/tags?post=543"}],"curies":[{"name":"wp","href":"https:\/\/api.w.org\/{rel}","templated":true}]}}