{"id":415,"date":"2025-09-03T14:39:44","date_gmt":"2025-09-03T12:39:44","guid":{"rendered":"https:\/\/wip.waw.pl\/?p=415"},"modified":"2025-10-04T17:03:25","modified_gmt":"2025-10-04T15:03:25","slug":"prof-dr-hab-n-med-grzegorz-oracz","status":"publish","type":"post","link":"https:\/\/wip.waw.pl\/index.php\/2025\/09\/03\/prof-dr-hab-n-med-grzegorz-oracz\/","title":{"rendered":"prof. dr hab. n. med Grzegorz Oracz"},"content":{"rendered":"\n<p><strong>Specjalista w zakresie\u00a0<\/strong><em><strong>pediatria, gastroenterologia, gastroenterologia dzieci\u0119ca<\/strong><\/em>.<\/p>\n\n\n\n<p><br>Specjalizuje si\u0119 w diagnostyce i leczeniu:\u00a0<br>\u2022 choroby trzustki,\u00a0<br>\u2022 zaparcie stolca,\u00a0<br>\u2022 refluks \u017co\u0142\u0105dkowo-prze\u0142ykowy,\u00a0<br>\u2022 b\u00f3le brzucha u dzieci,\u00a0<br>\u2022 nietolerancje pokarmowe,\u00a0<br>\u2022 przerost bakteryjny,\u00a0<br>\u2022 celiakia,\u00a0<br>\u2022 choroby przewodu pokarmowego genetycznie uwarunkowane,\u00a0<br>\u2022 choroby zapalne \u017co\u0142\u0105dka i jelit,\u00a0<br>\u2022 polipowato\u015bci przewodu pokarmowego,\u00a0<br>\u2022 choroby w\u0105troby.\u00a0<\/p>\n\n\n\n<p><br>Przyjmuje\u00a0dzieci od noworodka do 18 roku\u00a0\u017cycia oraz\u00a0m\u0142odych doros\u0142ych do 30 roku\u00a0\u017cycia.\u00a0<br><\/p>\n\n\n\n<p><strong>Do\u015bwiadczenie zawodowe:\u00a0<\/strong><br>od 2001 roku\u00a0do chwili obecnej \u2013 Instytut \u2013 Pomnik Centrum Zdrowia Dziecka; Klinika Gastroenterologii, Hepatologii, Zaburze\u0144 Od\u017cywiania i Pediatrii\u00a0<br>2000 \u2013 2002 \u2013 Dzieci\u0119cy Szpital Zaka\u017any ul. Sienna, Warszawa\u00a0<br>od 2020 roku Kierownik Katedry Gastroenterologii Dzieci\u0119cej CMKP\u00a0<br><\/p>\n\n\n\n<p><strong>Cz\u0142onkostwo w towarzystwach naukowych:\u00a0<\/strong><br>European Pancreatic Club (aktualny cz\u0142onek Zarz\u0105du), Polskie Towarzystwo Gastroenterologii, Hepatologii i \u017bywienia Dzieci. (aktualny przewodnicz\u0105cy Sekcji Trzustkowej), Polskie Towarzystwo Pediatryczne, International Association of Pancreatology, Polski Klub Trzustkowy, American Pancreatic Association.\u00a0<br><\/p>\n\n\n\n<p>Autor ponad 200 artyku\u0142\u00f3w naukowych w czasopismach zagranicznych i krajowych, w tym w Nature Genetics, Gut, Human Genetics, Pancreas, Pancreatology, Journal of Pediatrics czy Gastrointestinal Endoscopy. Autor kilkunastu rozdzia\u0142\u00f3w w ksi\u0105\u017ckach dotycz\u0105cych leczenia chor\u00f3b trzustki, zaparcia czy refluksu \u017co\u0142\u0105dkowo-prze\u0142ykowego. Wsp\u00f3\u0142autor \u015bwiatowych wytycznych leczenia chor\u00f3b trzustki u dzieci. Autor i wsp\u00f3\u0142autor ponad 250 wyk\u0142ad\u00f3w i prezentacji na zjazdach krajowych i zagranicznych. Wieloletni wyk\u0142adowca na kursach specjalizacyjnych w ramach Gastroenterologii, Gastroenterologii Dzieci\u0119cej oraz Pediatrii.<br><\/p>\n","protected":false},"excerpt":{"rendered":"<p>Specjalista w zakresie\u00a0pediatria, gastroenterologia, gastroenterologia dzieci\u0119ca. Specjalizuje si\u0119 w diagnostyce i leczeniu:\u00a0\u2022 choroby trzustki,\u00a0\u2022 zaparcie stolca,\u00a0\u2022 refluks \u017co\u0142\u0105dkowo-prze\u0142ykowy,\u00a0\u2022 b\u00f3le brzucha u dzieci,\u00a0\u2022 nietolerancje pokarmowe,\u00a0\u2022 przerost bakteryjny,\u00a0\u2022 celiakia,\u00a0\u2022 choroby przewodu pokarmowego genetycznie uwarunkowane,\u00a0\u2022 choroby zapalne \u017co\u0142\u0105dka i jelit,\u00a0\u2022 polipowato\u015bci przewodu pokarmowego,\u00a0\u2022 choroby w\u0105troby.\u00a0 Przyjmuje\u00a0dzieci od noworodka do 18 roku\u00a0\u017cycia oraz\u00a0m\u0142odych doros\u0142ych do 30 roku\u00a0\u017cycia.\u00a0 Do\u015bwiadczenie zawodowe:\u00a0od [&hellip;]<\/p>\n","protected":false},"author":1,"featured_media":174,"comment_status":"open","ping_status":"open","sticky":false,"template":"","format":"standard","meta":{"footnotes":""},"categories":[10,12,11],"tags":[13],"class_list":["post-415","post","type-post","status-publish","format-standard","has-post-thumbnail","hentry","category-gastroenterolog","category-gastrolog-dzieciecy","category-pediatra","tag-poniedzialek"],"_links":{"self":[{"href":"https:\/\/wip.waw.pl\/index.php\/wp-json\/wp\/v2\/posts\/415","targetHints":{"allow":["GET"]}}],"collection":[{"href":"https:\/\/wip.waw.pl\/index.php\/wp-json\/wp\/v2\/posts"}],"about":[{"href":"https:\/\/wip.waw.pl\/index.php\/wp-json\/wp\/v2\/types\/post"}],"author":[{"embeddable":true,"href":"https:\/\/wip.waw.pl\/index.php\/wp-json\/wp\/v2\/users\/1"}],"replies":[{"embeddable":true,"href":"https:\/\/wip.waw.pl\/index.php\/wp-json\/wp\/v2\/comments?post=415"}],"version-history":[{"count":3,"href":"https:\/\/wip.waw.pl\/index.php\/wp-json\/wp\/v2\/posts\/415\/revisions"}],"predecessor-version":[{"id":519,"href":"https:\/\/wip.waw.pl\/index.php\/wp-json\/wp\/v2\/posts\/415\/revisions\/519"}],"wp:featuredmedia":[{"embeddable":true,"href":"https:\/\/wip.waw.pl\/index.php\/wp-json\/wp\/v2\/media\/174"}],"wp:attachment":[{"href":"https:\/\/wip.waw.pl\/index.php\/wp-json\/wp\/v2\/media?parent=415"}],"wp:term":[{"taxonomy":"category","embeddable":true,"href":"https:\/\/wip.waw.pl\/index.php\/wp-json\/wp\/v2\/categories?post=415"},{"taxonomy":"post_tag","embeddable":true,"href":"https:\/\/wip.waw.pl\/index.php\/wp-json\/wp\/v2\/tags?post=415"}],"curies":[{"name":"wp","href":"https:\/\/api.w.org\/{rel}","templated":true}]}}